{"id":3982,"date":"2026-01-27T15:46:59","date_gmt":"2026-01-27T14:46:59","guid":{"rendered":"https:\/\/www.btpsavoie.fr\/?p=3982"},"modified":"2026-01-27T15:59:40","modified_gmt":"2026-01-27T14:59:40","slug":"remise-des-diplomes-des-alternants-au-campus-isteli-savoie","status":"publish","type":"post","link":"https:\/\/www.btpsavoie.fr\/index.php\/2026\/01\/27\/remise-des-diplomes-des-alternants-au-campus-isteli-savoie\/","title":{"rendered":"Remise des dipl\u00f4mes des alternants au Campus ISTELI SAVOIE"},"content":{"rendered":"<div class=\"fusion-fullwidth fullwidth-box fusion-builder-row-1 fusion-flex-container nonhundred-percent-fullwidth non-hundred-percent-height-scrolling\" style=\"--awb-border-sizes-top:0px;--awb-border-sizes-bottom:0px;--awb-border-sizes-left:0px;--awb-border-sizes-right:0px;--awb-border-radius-top-left:0px;--awb-border-radius-top-right:0px;--awb-border-radius-bottom-right:0px;--awb-border-radius-bottom-left:0px;--awb-padding-top:120px;--awb-padding-right:30px;--awb-padding-bottom:120px;--awb-padding-left:30px;--awb-padding-top-medium:60px;--awb-padding-bottom-medium:60px;--awb-padding-top-small:50px;--awb-margin-top:0px;--awb-margin-bottom:0px;--awb-background-color:var(--awb-color1);--awb-flex-wrap:wrap;\" ><div class=\"fusion-builder-row fusion-row fusion-flex-align-items-center fusion-flex-content-wrap\" style=\"max-width:1248px;margin-left: calc(-4% \/ 2 );margin-right: calc(-4% \/ 2 );\"><div class=\"fusion-layout-column fusion_builder_column fusion-builder-column-0 fusion_builder_column_1_2 1_2 fusion-flex-column\" style=\"--awb-bg-size:cover;--awb-width-large:50%;--awb-margin-top-large:0px;--awb-spacing-right-large:5.12%;--awb-margin-bottom-large:0px;--awb-spacing-left-large:3.84%;--awb-width-medium:50%;--awb-spacing-right-medium:5.12%;--awb-spacing-left-medium:3.84%;--awb-width-small:100%;--awb-spacing-right-small:1.92%;--awb-margin-bottom-small:40px;--awb-spacing-left-small:1.92%;\"><div class=\"fusion-column-wrapper fusion-column-has-shadow fusion-flex-justify-content-flex-start fusion-content-layout-column\"><div class=\"fusion-image-element \" style=\"--awb-aspect-ratio:16 \/ 9;--awb-object-position:47% 46%;--awb-caption-title-font-family:var(--h2_typography-font-family);--awb-caption-title-font-weight:var(--h2_typography-font-weight);--awb-caption-title-font-style:var(--h2_typography-font-style);--awb-caption-title-size:var(--h2_typography-font-size);--awb-caption-title-transform:var(--h2_typography-text-transform);--awb-caption-title-line-height:var(--h2_typography-line-height);--awb-caption-title-letter-spacing:var(--h2_typography-letter-spacing);\"><span class=\" fusion-imageframe imageframe-none imageframe-1 hover-type-none has-aspect-ratio\"><img decoding=\"async\" width=\"124\" height=\"86\" title=\"aftral_home\" src=\"data:image\/svg+xml,%3Csvg%20xmlns%3D%27http%3A%2F%2Fwww.w3.org%2F2000%2Fsvg%27%20width%3D%27124%27%20height%3D%2786%27%20viewBox%3D%270%200%20124%2086%27%3E%3Crect%20width%3D%27124%27%20height%3D%2786%27%20fill-opacity%3D%220%22%2F%3E%3C%2Fsvg%3E\" data-orig-src=\"https:\/\/www.btpsavoie.fr\/wp-content\/uploads\/2026\/01\/aftral_home.png\" class=\"lazyload img-responsive wp-image-3983 img-with-aspect-ratio\" data-parent-fit=\"cover\" data-parent-container=\".fusion-image-element\" alt \/><\/span><\/div><div class=\"fusion-image-element \" style=\"--awb-caption-title-font-family:var(--h2_typography-font-family);--awb-caption-title-font-weight:var(--h2_typography-font-weight);--awb-caption-title-font-style:var(--h2_typography-font-style);--awb-caption-title-size:var(--h2_typography-font-size);--awb-caption-title-transform:var(--h2_typography-text-transform);--awb-caption-title-line-height:var(--h2_typography-line-height);--awb-caption-title-letter-spacing:var(--h2_typography-letter-spacing);\"><span class=\" fusion-imageframe imageframe-none imageframe-2 hover-type-none\"><img decoding=\"async\" width=\"124\" height=\"86\" title=\"isteli_home\" src=\"data:image\/svg+xml,%3Csvg%20xmlns%3D%27http%3A%2F%2Fwww.w3.org%2F2000%2Fsvg%27%20width%3D%27124%27%20height%3D%2786%27%20viewBox%3D%270%200%20124%2086%27%3E%3Crect%20width%3D%27124%27%20height%3D%2786%27%20fill-opacity%3D%220%22%2F%3E%3C%2Fsvg%3E\" data-orig-src=\"https:\/\/www.btpsavoie.fr\/wp-content\/uploads\/2026\/01\/isteli_home.png\" alt class=\"lazyload img-responsive wp-image-3985\"\/><\/span><\/div><\/div><\/div><div class=\"fusion-layout-column fusion_builder_column fusion-builder-column-1 fusion_builder_column_1_2 1_2 fusion-flex-column\" style=\"--awb-bg-size:cover;--awb-width-large:50%;--awb-margin-top-large:0px;--awb-spacing-right-large:3.84%;--awb-margin-bottom-large:20px;--awb-spacing-left-large:13.44%;--awb-width-medium:50%;--awb-spacing-right-medium:3.84%;--awb-spacing-left-medium:13.44%;--awb-width-small:100%;--awb-spacing-right-small:1.92%;--awb-margin-bottom-small:0px;--awb-spacing-left-small:1.92%;\"><div class=\"fusion-column-wrapper fusion-column-has-shadow fusion-flex-justify-content-flex-start fusion-content-layout-column\"><div class=\"fusion-title title fusion-title-1 fusion-sep-none fusion-title-text fusion-title-size-two fusion-animated\" style=\"--awb-margin-bottom:40px;--awb-margin-top-small:10px;--awb-margin-right-small:0px;--awb-margin-bottom-small:10px;--awb-margin-left-small:0px;\" data-animationType=\"fadeInLeft\" data-animationDuration=\"0.3\" data-animationOffset=\"top-into-view\"><h2 class=\"fusion-title-heading title-heading-left\" style=\"margin:0;\">Remise des dipl\u00f4mes des alternants au Campus ISTELI SAVOIE<\/h2><\/div><div class=\"fusion-text fusion-text-1\"><p>Le jeudi 22 janvier, \u00e0 partir de 18 heures, des dizaines de jeunes entrent \u00e0 l\u2019int\u00e9rieur du Campus ISTELI SAVOIE, situ\u00e9 au Technolac au BOURGET du Lac, invit\u00e9s pour la premi\u00e8re remise de dipl\u00f4mes dans le cadre de leurs \u00e9tudes.<\/p>\n<p>Plus de 70 personnes \u00e9taient pr\u00e9sentes pour ce moment de convivialit\u00e9 qui r\u00e9unissait les dipl\u00f4m\u00e9s de 2025, les \u00e9tudiants des diff\u00e9rentes promotions en BTS GTLA (Gestion des Transports et Logistique Associ\u00e9e), en TSMEL (bac+2 Technicien Sup\u00e9rieur en M\u00e9thodes et Exploitation Logistique), en REL (bac+3 Responsable En Logistique) Etaient aussi pr\u00e9sents les dipl\u00f4m\u00e9s du Dipl\u00f4me d\u2019Etat Ambulancier (DEA) qui ont suivi leur formation au sein de l\u2019Institut de Formation des Ambulanciers (IFA), du groupe AFTRAL. Anne Charlotte BALLAZ, directrice de L\u2019Aftral de Chamb\u00e9ry et directrice de L\u2019Isteli pr\u00e9sidait cette c\u00e9r\u00e9monie entour\u00e9e de son \u00e9quipe compos\u00e9e de formateurs sp\u00e9cialis\u00e9s, des charg\u00e9s de recrutement et conseillers entreprise. Leila MOLINARI directrice de l\u2019IFA \u00e9tait aussi pr\u00e9sente avec son \u00e9quipe.<\/p>\n<p>L\u2019objectif de cette soir\u00e9e \u00e9tait outre la remise des dipl\u00f4mes, de renouer pour certains des liens avec leurs anciens coll\u00e8gues de promotion, pour d\u2019autres de revoir leurs anciens enseignants, tous des formateurs professionnels, pour d\u2019autres encore de se renseigner afin de poursuivre leurs \u00e9tudes au sein de l\u2019ISTELI.<\/p>\n<p>L\u2019ISTELI est l\u2019Institut Sup\u00e9rieur du Transport Et de la Logistique Internationale.<\/p>\n<p>Il forme depuis plus de 46 ans les managers en transport, logistique, douane, commerce notamment. Cette \u00e9cole reconnue des professionnels est forte de plus de 4000 entreprises partenaires au niveau national. L\u2019ISTELI permet \u00e0 tous les alternants d\u2019effectuer leurs \u00e9tudes en alternance du BAC+2 au BAC+6.<\/p>\n<p>L\u2019ISTELI SAVOIE vient de s\u2019implanter sur notre territoire des Savoie au Bourget du LAC ET propose d\u00e8s septembre 2026 :<\/p>\n<ul>\n<li>le BTS GTLA qui forme notamment les futurs exploitants, agents d\u2019exploitation, affr\u00e9teurs, agents de transit<\/li>\n<li>le BAC +2 TSMEL qui pr\u00e9pare les futurs adjoints au responsable de service logistique, gestionnaire de stocks, adjoints au responsable de service pr\u00e9paration de commandes,<\/li>\n<li>le BTS NDRC (N\u00e9gociation Digitalisation Relation Client) qui permet aux futurs charg\u00e9s d\u2019affaire ou client\u00e8le, commerciaux, n\u00e9gociateurs d\u2019accompagner leurs clients tout au long du processus commercial,<\/li>\n<li>le BAC+3 REL qui dispense pendant 1 an une formation destin\u00e9e aux futurs responsables logistiques, responsables d\u2019entrep\u00f4t, responsables de la gestion des stocks, responsables m\u00e9thodes, responsables de la planification d\u2019encadrer de mani\u00e8re op\u00e9rationnelle ou de manager une \u00e9quipe,<\/li>\n<li>le BAC +3 RPTL qui forme les responsables de centre de profit,\u00a0\u00a0\u00a0\u00a0\u00a0\u00a0\u00a0\u00a0\u00a0\u00a0\u00a0\u00a0\u00a0\u00a0\u00a0 responsables d\u2019exploitation, coordinateurs de transport logistique en devenir.<\/li>\n<\/ul>\n<p>Si l\u2019une de ces formations vous int\u00e9resse, vous pouvez contacter l\u2019AFTRAL Chamb\u00e9ry\u00a0 (<u><a href=\"mailto:chambery@aftral.com\">chambery@aftral.com<\/a><\/u><u>)<\/u>:<\/p>\n<p><strong>Adrienne FAURE<\/strong>\u00a0 T\u00e9l : 06.75.44.69.98<\/p>\n<p><strong>C\u00e9dric SOLER<\/strong>\u00a0 \u00a0T\u00e9l : 07.76.98.80.41<\/p>\n<\/div><\/div><\/div><\/div><\/div>\n","protected":false},"excerpt":{"rendered":"","protected":false},"author":1,"featured_media":3981,"comment_status":"closed","ping_status":"closed","sticky":false,"template":"","format":"standard","meta":{"_acf_changed":false,"pmpro_default_level":"","footnotes":""},"categories":[110],"tags":[],"class_list":["post-3982","post","type-post","status-publish","format-standard","has-post-thumbnail","hentry","category-actualites-des-membres","pmpro-has-access"],"acf":[],"_links":{"self":[{"href":"https:\/\/www.btpsavoie.fr\/index.php\/wp-json\/wp\/v2\/posts\/3982","targetHints":{"allow":["GET"]}}],"collection":[{"href":"https:\/\/www.btpsavoie.fr\/index.php\/wp-json\/wp\/v2\/posts"}],"about":[{"href":"https:\/\/www.btpsavoie.fr\/index.php\/wp-json\/wp\/v2\/types\/post"}],"author":[{"embeddable":true,"href":"https:\/\/www.btpsavoie.fr\/index.php\/wp-json\/wp\/v2\/users\/1"}],"replies":[{"embeddable":true,"href":"https:\/\/www.btpsavoie.fr\/index.php\/wp-json\/wp\/v2\/comments?post=3982"}],"version-history":[{"count":3,"href":"https:\/\/www.btpsavoie.fr\/index.php\/wp-json\/wp\/v2\/posts\/3982\/revisions"}],"predecessor-version":[{"id":3987,"href":"https:\/\/www.btpsavoie.fr\/index.php\/wp-json\/wp\/v2\/posts\/3982\/revisions\/3987"}],"wp:featuredmedia":[{"embeddable":true,"href":"https:\/\/www.btpsavoie.fr\/index.php\/wp-json\/wp\/v2\/media\/3981"}],"wp:attachment":[{"href":"https:\/\/www.btpsavoie.fr\/index.php\/wp-json\/wp\/v2\/media?parent=3982"}],"wp:term":[{"taxonomy":"category","embeddable":true,"href":"https:\/\/www.btpsavoie.fr\/index.php\/wp-json\/wp\/v2\/categories?post=3982"},{"taxonomy":"post_tag","embeddable":true,"href":"https:\/\/www.btpsavoie.fr\/index.php\/wp-json\/wp\/v2\/tags?post=3982"}],"curies":[{"name":"wp","href":"https:\/\/api.w.org\/{rel}","templated":true}]}}