{"id":3909,"date":"2026-01-13T08:52:00","date_gmt":"2026-01-13T07:52:00","guid":{"rendered":"https:\/\/www.btpsavoie.fr\/?p=3909"},"modified":"2026-01-27T16:09:05","modified_gmt":"2026-01-27T15:09:05","slug":"ceremonie-de-presentation-des-voeux-le-22-janvier-a-18h00","status":"publish","type":"post","link":"https:\/\/www.btpsavoie.fr\/index.php\/2026\/01\/13\/ceremonie-de-presentation-des-voeux-le-22-janvier-a-18h00\/","title":{"rendered":"C\u00e9r\u00e9monie de Pr\u00e9sentation des V\u0153ux le 22 janvier \u00e0 18h00"},"content":{"rendered":"<div class=\"fusion-fullwidth fullwidth-box fusion-builder-row-1 fusion-flex-container has-pattern-background has-mask-background nonhundred-percent-fullwidth non-hundred-percent-height-scrolling\" style=\"--awb-border-sizes-top:0px;--awb-border-sizes-bottom:0px;--awb-border-sizes-left:0px;--awb-border-sizes-right:0px;--awb-border-radius-top-left:0px;--awb-border-radius-top-right:0px;--awb-border-radius-bottom-right:0px;--awb-border-radius-bottom-left:0px;--awb-padding-top:120px;--awb-padding-right:30px;--awb-padding-bottom:120px;--awb-padding-left:30px;--awb-padding-top-medium:60px;--awb-padding-bottom-medium:60px;--awb-padding-top-small:50px;--awb-margin-top:0px;--awb-margin-bottom:0px;--awb-background-color:var(--awb-color1);--awb-flex-wrap:wrap;\" ><div class=\"fusion-builder-row fusion-row fusion-flex-align-items-center fusion-flex-justify-content-center fusion-flex-content-wrap\" style=\"max-width:1248px;margin-left: calc(-4% \/ 2 );margin-right: calc(-4% \/ 2 );\"><div class=\"fusion-layout-column fusion_builder_column fusion-builder-column-0 fusion_builder_column_2_3 2_3 fusion-flex-column\" style=\"--awb-bg-size:cover;--awb-width-large:66.666666666667%;--awb-margin-top-large:0px;--awb-spacing-right-large:3.84%;--awb-margin-bottom-large:0px;--awb-spacing-left-large:2.88%;--awb-width-medium:66.666666666667%;--awb-spacing-right-medium:3.84%;--awb-spacing-left-medium:2.88%;--awb-width-small:100%;--awb-spacing-right-small:1.92%;--awb-margin-bottom-small:40px;--awb-spacing-left-small:1.92%;\"><div class=\"fusion-column-wrapper fusion-column-has-shadow fusion-flex-justify-content-flex-start fusion-content-layout-column\"><div class=\"fusion-image-element \" style=\"--awb-caption-title-font-family:var(--h2_typography-font-family);--awb-caption-title-font-weight:var(--h2_typography-font-weight);--awb-caption-title-font-style:var(--h2_typography-font-style);--awb-caption-title-size:var(--h2_typography-font-size);--awb-caption-title-transform:var(--h2_typography-text-transform);--awb-caption-title-line-height:var(--h2_typography-line-height);--awb-caption-title-letter-spacing:var(--h2_typography-letter-spacing);\"><span class=\" fusion-imageframe imageframe-none imageframe-1 hover-type-none\"><img decoding=\"async\" width=\"600\" height=\"200\" title=\"Bandeau mail f\u00eates de fin d&rsquo;ann\u00e9e &#8211; 2026\" src=\"https:\/\/www.btpsavoie.fr\/wp-content\/uploads\/2026\/01\/Bandeau-mail-fetes-de-fin-dannee-2026.png\" data-orig-src=\"https:\/\/www.btpsavoie.fr\/wp-content\/uploads\/2026\/01\/Bandeau-mail-fetes-de-fin-dannee-2026.png\" alt class=\"lazyload img-responsive wp-image-3912\" srcset=\"data:image\/svg+xml,%3Csvg%20xmlns%3D%27http%3A%2F%2Fwww.w3.org%2F2000%2Fsvg%27%20width%3D%27600%27%20height%3D%27200%27%20viewBox%3D%270%200%20600%20200%27%3E%3Crect%20width%3D%27600%27%20height%3D%27200%27%20fill-opacity%3D%220%22%2F%3E%3C%2Fsvg%3E\" data-srcset=\"https:\/\/www.btpsavoie.fr\/wp-content\/uploads\/2026\/01\/Bandeau-mail-fetes-de-fin-dannee-2026-200x67.png 200w, https:\/\/www.btpsavoie.fr\/wp-content\/uploads\/2026\/01\/Bandeau-mail-fetes-de-fin-dannee-2026-400x133.png 400w, https:\/\/www.btpsavoie.fr\/wp-content\/uploads\/2026\/01\/Bandeau-mail-fetes-de-fin-dannee-2026.png 600w\" data-sizes=\"auto\" data-orig-sizes=\"(max-width: 640px) 100vw, 600px\" \/><\/span><\/div><\/div><\/div><div class=\"fusion-layout-column fusion_builder_column fusion-builder-column-1 fusion_builder_column_3_5 3_5 fusion-flex-column\" style=\"--awb-bg-size:cover;--awb-width-large:60%;--awb-margin-top-large:0px;--awb-spacing-right-large:3.2%;--awb-margin-bottom-large:20px;--awb-spacing-left-large:11.2%;--awb-width-medium:60%;--awb-spacing-right-medium:3.2%;--awb-spacing-left-medium:11.2%;--awb-width-small:100%;--awb-spacing-right-small:1.92%;--awb-margin-bottom-small:0px;--awb-spacing-left-small:1.92%;\"><div class=\"fusion-column-wrapper fusion-column-has-shadow fusion-flex-justify-content-flex-start fusion-content-layout-column\"><div class=\"fusion-reading-box-container reading-box-container-1 fusion-animated\" style=\"--awb-title-color:var(--awb-custom_color_2);--awb-margin-top:0px;--awb-margin-bottom:20px;\" data-animationType=\"lightspeedin\" data-animationDuration=\"0.3\" data-animationOffset=\"top-into-view\"><div class=\"reading-box\" style=\"background-color:var(--awb-color1);border-width:1px;border-color:var(--awb-custom_color_3);border-left-width:3px;border-left-color:var(--primary_color);border-style:solid;\"><h2>C\u00e9r\u00e9monie de Pr\u00e9sentation des V\u0153ux le 22 janvier \u00e0 18h00<\/h2><div class=\"reading-box-description fusion-reading-box-additional\">\ud83d\udcf8 Une soir\u00e9e pour se retrouver, \u00e9changer et se projeter ensemble vers l\u2019avenir du BTP Savoyard.\n\n\n<\/div><div class=\"reading-box-additional\">\n<p>La c\u00e9r\u00e9monie des v\u0153ux du Syndicat G\u00e9n\u00e9ral du BTP Savoie, pr\u00e9sid\u00e9e par Jean-Fran\u00e7ois DASTREVIGNE, a une nouvelle fois r\u00e9uni celles et ceux qui font vivre notre territoire.<\/p>\n<p>L\u2019ann\u00e9e 2025 a \u00e9t\u00e9 exigeante : contraintes climatiques, saisonnalit\u00e9, \u00e9volution constante des r\u00e8gles \u2013 Jean-Fran\u00e7ois DASTREVIGNE souligne nos entreprises qui font preuve, jour apr\u00e8s jour, d\u2019un engagement remarquable, d\u2019une capacit\u00e9 d\u2019adaptation exemplaire et d\u2019une volont\u00e9 constante d\u2019innover. Leurs actions permettent \u00e0 la Savoie de rester dynamique, attractive et tourn\u00e9e vers l\u2019avenir.<\/p>\n<p>Cette soir\u00e9e a \u00e9galement \u00e9t\u00e9 l\u2019occasion de rappeler l\u2019importance d\u2019un syndicat de proximit\u00e9, engag\u00e9 aux c\u00f4t\u00e9s de ses adh\u00e9rents : l\u2019emploi et la formation, l\u2019accompagnement juridique, l\u2019innovation, un dialogue direct, r\u00e9gulier et constructif avec tous les acteurs publics et \u00e9conomiques\u2026 Autant de leviers essentiels pour r\u00e9pondre concr\u00e8tement aux r\u00e9alit\u00e9s de nos entreprises.<\/p>\n<p><strong>2026<\/strong> s\u2019ouvre avec ambition sur des actions renforc\u00e9es sur les probl\u00e9matiques sp\u00e9cifiques \u00e0 notre territoire\u00a0: la gestion des gravats et des d\u00e9chets inertes, les horaires et plages de travail impos\u00e9s en station l\u2019\u00e9t\u00e9 et l\u2019accompagnement des entreprises dans la perspective des JO d\u2019hiver 2030.<\/p>\n<p><strong>2026<\/strong> sera aussi une ann\u00e9e de combat pour la protection de la tr\u00e9sorerie des entreprises, le syndicat s\u2019engagera pleinement pour les accompagner au travers des services exceptionnels de l\u2019<strong>ADEF<\/strong>.<\/p>\n<p><strong>2026<\/strong> est une ann\u00e9e historique et toute particuli\u00e8re pour notre organisation\u00a0: le <strong>Syndicat G\u00e9n\u00e9ral du BTP Savoie c\u00e9l\u00e8brera ses 150 ans<\/strong>.<\/p>\n<p><strong>150 ans<\/strong> d\u2019engagement au service des entreprises,<\/p>\n<p><strong>150 ans<\/strong> de d\u00e9fense de nos m\u00e9tiers,<\/p>\n<p><strong>150 ans<\/strong> d\u2019histoire profond\u00e9ment ancr\u00e9e dans notre territoire savoyard.<\/p>\n<p>A cette occasion, de nombreux \u00e9v\u00e8nements seront organis\u00e9s tout au long de l\u2019ann\u00e9e pour valoriser notre histoire, nos entreprises et les femmes et les hommes qui font le BTP savoyard.<\/p>\n<p>\ud83d\ude4f Merci \u00e0 tous les adh\u00e9rents, partenaires, \u00e9lus et institutions pour leur pr\u00e9sence et leur confiance.<br \/>\nPlus que jamais, c\u2019est collectivement que nous b\u00e2tissons l\u2019avenir.<\/p>\n<\/div><div class=\"fusion-clearfix\"><\/div><\/div><svg style=\"opacity:0.7;\" xmlns=\"http:\/\/www.w3.org\/2000\/svg\" version=\"1.1\" width=\"100%\" viewBox=\"0 0 600 28\" preserveAspectRatio=\"none\"><g clip-path=\"url(#a)\"><mask id=\"b\" style=\"mask-type:luminance\" maskUnits=\"userSpaceOnUse\" x=\"0\" y=\"0\" width=\"600\" height=\"28\"><path d=\"M0 0h600v28H0V0Z\" fill=\"#fff\"\/><\/mask><g filter=\"url(#c)\" mask=\"url(#b)\"><path d=\"M16.439-18.667h567.123v30.8S438.961-8.4 300-8.4C161.04-8.4 16.438 12.133 16.438 12.133v-30.8Z\" fill=\"#000\"\/><\/g><\/g><defs><clipPath id=\"a\"><path fill=\"#fff\" d=\"M0 0h600v28H0z\"\/><\/clipPath><filter id=\"c\" x=\"5.438\" y=\"-29.667\" width=\"589.123\" height=\"52.8\" filterUnits=\"userSpaceOnUse\" color-interpolation-filters=\"sRGB\"><feFlood flood-opacity=\"0\" result=\"BackgroundImageFix\"\/><feBlend in=\"SourceGraphic\" in2=\"BackgroundImageFix\" result=\"shape\"\/><feGaussianBlur stdDeviation=\"5.5\" result=\"effect1_foregroundBlur_3983_183\"\/><\/filter><\/defs><\/svg><\/div><\/div><\/div><\/div><\/div>\n","protected":false},"excerpt":{"rendered":"","protected":false},"author":1,"featured_media":3917,"comment_status":"closed","ping_status":"closed","sticky":false,"template":"","format":"quote","meta":{"_acf_changed":false,"pmpro_default_level":"","footnotes":""},"categories":[66],"tags":[],"class_list":["post-3909","post","type-post","status-publish","format-quote","has-post-thumbnail","hentry","category-actualites","post_format-post-format-quote","pmpro-has-access"],"acf":[],"_links":{"self":[{"href":"https:\/\/www.btpsavoie.fr\/index.php\/wp-json\/wp\/v2\/posts\/3909","targetHints":{"allow":["GET"]}}],"collection":[{"href":"https:\/\/www.btpsavoie.fr\/index.php\/wp-json\/wp\/v2\/posts"}],"about":[{"href":"https:\/\/www.btpsavoie.fr\/index.php\/wp-json\/wp\/v2\/types\/post"}],"author":[{"embeddable":true,"href":"https:\/\/www.btpsavoie.fr\/index.php\/wp-json\/wp\/v2\/users\/1"}],"replies":[{"embeddable":true,"href":"https:\/\/www.btpsavoie.fr\/index.php\/wp-json\/wp\/v2\/comments?post=3909"}],"version-history":[{"count":7,"href":"https:\/\/www.btpsavoie.fr\/index.php\/wp-json\/wp\/v2\/posts\/3909\/revisions"}],"predecessor-version":[{"id":3992,"href":"https:\/\/www.btpsavoie.fr\/index.php\/wp-json\/wp\/v2\/posts\/3909\/revisions\/3992"}],"wp:featuredmedia":[{"embeddable":true,"href":"https:\/\/www.btpsavoie.fr\/index.php\/wp-json\/wp\/v2\/media\/3917"}],"wp:attachment":[{"href":"https:\/\/www.btpsavoie.fr\/index.php\/wp-json\/wp\/v2\/media?parent=3909"}],"wp:term":[{"taxonomy":"category","embeddable":true,"href":"https:\/\/www.btpsavoie.fr\/index.php\/wp-json\/wp\/v2\/categories?post=3909"},{"taxonomy":"post_tag","embeddable":true,"href":"https:\/\/www.btpsavoie.fr\/index.php\/wp-json\/wp\/v2\/tags?post=3909"}],"curies":[{"name":"wp","href":"https:\/\/api.w.org\/{rel}","templated":true}]}}