{"id":3535,"date":"2025-06-18T12:52:07","date_gmt":"2025-06-18T10:52:07","guid":{"rendered":"https:\/\/www.btpsavoie.fr\/?p=3535"},"modified":"2025-06-18T12:56:35","modified_gmt":"2025-06-18T10:56:35","slug":"de-nouvelles-formations-en-alternance-au-campus-aftral-au-bourget-du-lac","status":"publish","type":"post","link":"https:\/\/www.btpsavoie.fr\/index.php\/2025\/06\/18\/de-nouvelles-formations-en-alternance-au-campus-aftral-au-bourget-du-lac\/","title":{"rendered":"De nouvelles formations en alternance #BTP au Bourget du Lac"},"content":{"rendered":"<div class=\"fusion-fullwidth fullwidth-box fusion-builder-row-1 fusion-flex-container nonhundred-percent-fullwidth non-hundred-percent-height-scrolling\" style=\"--awb-border-sizes-top:0px;--awb-border-sizes-bottom:0px;--awb-border-sizes-left:0px;--awb-border-sizes-right:0px;--awb-border-radius-top-left:0px;--awb-border-radius-top-right:0px;--awb-border-radius-bottom-right:0px;--awb-border-radius-bottom-left:0px;--awb-padding-top:120px;--awb-padding-right:30px;--awb-padding-bottom:120px;--awb-padding-left:30px;--awb-padding-top-medium:60px;--awb-padding-bottom-medium:60px;--awb-padding-top-small:50px;--awb-margin-top:0px;--awb-margin-bottom:0px;--awb-background-color:var(--awb-color1);--awb-flex-wrap:wrap;\" ><div class=\"fusion-builder-row fusion-row fusion-flex-align-items-center fusion-flex-content-wrap\" style=\"max-width:1248px;margin-left: calc(-4% \/ 2 );margin-right: calc(-4% \/ 2 );\"><div class=\"fusion-layout-column fusion_builder_column fusion-builder-column-0 fusion_builder_column_1_2 1_2 fusion-flex-column\" style=\"--awb-bg-size:cover;--awb-width-large:50%;--awb-margin-top-large:0px;--awb-spacing-right-large:5.12%;--awb-margin-bottom-large:0px;--awb-spacing-left-large:3.84%;--awb-width-medium:50%;--awb-spacing-right-medium:5.12%;--awb-spacing-left-medium:3.84%;--awb-width-small:100%;--awb-spacing-right-small:1.92%;--awb-margin-bottom-small:40px;--awb-spacing-left-small:1.92%;\"><div class=\"fusion-column-wrapper fusion-column-has-shadow fusion-flex-justify-content-flex-start fusion-content-layout-column\"><div class=\"fusion-image-element \" style=\"--awb-caption-title-font-family:var(--h2_typography-font-family);--awb-caption-title-font-weight:var(--h2_typography-font-weight);--awb-caption-title-font-style:var(--h2_typography-font-style);--awb-caption-title-size:var(--h2_typography-font-size);--awb-caption-title-transform:var(--h2_typography-text-transform);--awb-caption-title-line-height:var(--h2_typography-line-height);--awb-caption-title-letter-spacing:var(--h2_typography-letter-spacing);\"><span class=\" fusion-imageframe imageframe-none imageframe-1 hover-type-none\"><img decoding=\"async\" width=\"1024\" height=\"219\" title=\"AFTRAL 2025\" src=\"https:\/\/www.btpsavoie.fr\/wp-content\/uploads\/2025\/06\/AFTRAL-2025.jpg\" data-orig-src=\"https:\/\/www.btpsavoie.fr\/wp-content\/uploads\/2025\/06\/AFTRAL-2025-1024x219.jpg\" alt class=\"lazyload img-responsive wp-image-3532\" srcset=\"data:image\/svg+xml,%3Csvg%20xmlns%3D%27http%3A%2F%2Fwww.w3.org%2F2000%2Fsvg%27%20width%3D%271050%27%20height%3D%27225%27%20viewBox%3D%270%200%201050%20225%27%3E%3Crect%20width%3D%271050%27%20height%3D%27225%27%20fill-opacity%3D%220%22%2F%3E%3C%2Fsvg%3E\" data-srcset=\"https:\/\/www.btpsavoie.fr\/wp-content\/uploads\/2025\/06\/AFTRAL-2025-200x43.jpg 200w, https:\/\/www.btpsavoie.fr\/wp-content\/uploads\/2025\/06\/AFTRAL-2025-400x86.jpg 400w, https:\/\/www.btpsavoie.fr\/wp-content\/uploads\/2025\/06\/AFTRAL-2025-600x129.jpg 600w, https:\/\/www.btpsavoie.fr\/wp-content\/uploads\/2025\/06\/AFTRAL-2025-800x171.jpg 800w, https:\/\/www.btpsavoie.fr\/wp-content\/uploads\/2025\/06\/AFTRAL-2025.jpg 1050w\" data-sizes=\"auto\" data-orig-sizes=\"(max-width: 640px) 100vw, 600px\" \/><\/span><\/div><\/div><\/div><div class=\"fusion-layout-column fusion_builder_column fusion-builder-column-1 fusion_builder_column_1_2 1_2 fusion-flex-column\" style=\"--awb-bg-size:cover;--awb-width-large:50%;--awb-margin-top-large:0px;--awb-spacing-right-large:3.84%;--awb-margin-bottom-large:20px;--awb-spacing-left-large:13.44%;--awb-width-medium:50%;--awb-spacing-right-medium:3.84%;--awb-spacing-left-medium:13.44%;--awb-width-small:100%;--awb-spacing-right-small:1.92%;--awb-margin-bottom-small:0px;--awb-spacing-left-small:1.92%;\"><div class=\"fusion-column-wrapper fusion-column-has-shadow fusion-flex-justify-content-flex-start fusion-content-layout-column\"><div class=\"fusion-title title fusion-title-1 fusion-sep-none fusion-title-text fusion-title-size-two fusion-animated\" style=\"--awb-margin-bottom:40px;--awb-margin-top-small:10px;--awb-margin-right-small:0px;--awb-margin-bottom-small:10px;--awb-margin-left-small:0px;\" data-animationType=\"fadeInLeft\" data-animationDuration=\"0.3\" data-animationOffset=\"top-into-view\"><h2 class=\"fusion-title-heading title-heading-left\" style=\"margin:0;\">De nouvelles formations en alternance #BTP au Bourget du Lac<\/h2><\/div><div class=\"fusion-separator fusion-no-large-visibility fusion-full-width-sep\" style=\"align-self: center;margin-left: auto;margin-right: auto;margin-bottom:3%;width:100%;\"><\/div><div class=\"fusion-text fusion-text-1\" style=\"--awb-content-alignment:justify;\"><p>L\u2019AFTRAL, 1<sup>er<\/sup> centre de formation priv\u00e9 en France avec ses 130 centres, est heureux de vous annoncer l\u2019ouverture de <strong>son campus<\/strong> en SAVOIE pour les alternants au <strong><em>BOURGET DU LAC d\u00e8s septembre 2025.<\/em><\/strong><\/p>\n<p>Vous recherchez un alternant\u00a0en <strong>contrat d\u2019apprentissage<\/strong> ou de professionnalisation ? Nous pouvons vous aider avec l\u2019aide de nos <u>2 charg\u00e9s de<\/u> <u>recrutement<\/u>.<\/p>\n<p>Toutes nos formations en alternance se d\u00e9roulent en <strong>semaine pleine<\/strong>. Soit du lundi au vendredi.<\/p>\n<p>&#8212;<\/p>\n<p><strong>\u2705 <\/strong>Nous accueillerons ainsi 5 formations en alternance\u00a0sur notre nouveau campus en dehors du CAP :<\/p>\n<ul>\n<li>le <u>CAP Conducteur transport routier de marchandises<\/u> en 1 An. Cette formation permet \u00e0 l\u2019issue de devenir <strong>conducteur <\/strong>en poids lourds (permis C) et\u00a0\/ou super lourds (permis CE). De nombreux apprentis proviennent du secteur du BTP apr\u00e8s un CAP engins de chantier. Ce qui leur permet de devenir plus autonomes et polyvalents sur les chantiers en assurant eux-m\u00eames leur chargement et d\u00e9placements de pelles, chargeuses par exemple. Cette formation se d\u00e9roule au centre AFTRAL de la <strong>Motte Servolex.<\/strong><\/li>\n<li>le <u>BTS Gestion des Transports et de la Logistique Associ\u00e9e<\/u>\u00a0: formation en 2 ans qui permet d\u2019apprendre \u00e0 organiser, manager, et optimiser les op\u00e9rations de transport et de prestations logistiques. Cette foration permet d\u2019acc\u00e9der aux m\u00e9tiers de <strong>l\u2019exploitation,<\/strong> comme assistant au responsable d\u2019exploitation, affr\u00e9teur, agent de transit.<\/li>\n<li>le <u>BTS N\u00e9gociation et Digitalisation de la Relation Client.<\/u> Ce BTS permet de former un <strong>commercial,<\/strong> n\u00e9gociateur, charg\u00e9 d\u2019affaires ou de client\u00e8le, marchandiseur. Cette formation vous permettra d\u2019avoir un collaborateur charg\u00e9 de la relation client, de la n\u00e9gociation-vente et d\u2019animer vos offres chez les distributeurs, les partenaires et les r\u00e9seaux.<\/li>\n<li>le <u>Technicien Sup\u00e9rieur en M\u00e9thodes et Exploitation Logistique<\/u> est un titre professionnel (bac+2 du minist\u00e8re du travail) qui vise \u00e0 exercer au sein <strong>d\u2019un entrep\u00f4t ou une plateforme<\/strong>, des postes de gestionnaires de stocks, adjoint au responsable du service logistique ou pr\u00e9paration de commandes.<\/li>\n<li>le <u>Responsable en Logistique<\/u> est la continuit\u00e9 du TSMEL ci-dessous en bac+3 et permet d\u2019encadrer une \u00e9quipe en tant que responsable logistique, responsable d\u2019entrep\u00f4t, responsable de la gestion des stocks ou des approvisionnements.<\/li>\n<li>le <u>BTS Commerce International<\/u> permet d\u2019apprendre \u00e0 organiser, manager et optimiser les op\u00e9rations et la relation commerciale dans un contexte de vente ou d\u2019achat international. Il deviendra un assistant ou gestionnaire import-export, un assistant r\u00e9f\u00e9rent en douane ou un assistant administration des ventes export.<\/li>\n<\/ul>\n<p>Nous pouvons aussi vous accompagner dans vos d\u00e9marches avec votre OPCO <strong>Constructys<\/strong> ou autre OPCO concernant la prise en charge optimis\u00e9e et le CERFA \u00e0 \u00e9tablir.<\/p>\n<p>Aussi si vous \u00eates int\u00e9ress\u00e9s, merci de contacter <strong>Adrienne<\/strong> FAURE au 0675446998 ou <strong>C\u00e9dric<\/strong> SOLER au 0776988041.<\/p>\n<\/div><\/div><\/div><\/div><\/div>\n","protected":false},"excerpt":{"rendered":"","protected":false},"author":1,"featured_media":1030,"comment_status":"closed","ping_status":"closed","sticky":false,"template":"","format":"standard","meta":{"_acf_changed":false,"pmpro_default_level":"","footnotes":""},"categories":[110],"tags":[],"class_list":["post-3535","post","type-post","status-publish","format-standard","has-post-thumbnail","hentry","category-actualites-des-membres","pmpro-has-access"],"acf":[],"_links":{"self":[{"href":"https:\/\/www.btpsavoie.fr\/index.php\/wp-json\/wp\/v2\/posts\/3535","targetHints":{"allow":["GET"]}}],"collection":[{"href":"https:\/\/www.btpsavoie.fr\/index.php\/wp-json\/wp\/v2\/posts"}],"about":[{"href":"https:\/\/www.btpsavoie.fr\/index.php\/wp-json\/wp\/v2\/types\/post"}],"author":[{"embeddable":true,"href":"https:\/\/www.btpsavoie.fr\/index.php\/wp-json\/wp\/v2\/users\/1"}],"replies":[{"embeddable":true,"href":"https:\/\/www.btpsavoie.fr\/index.php\/wp-json\/wp\/v2\/comments?post=3535"}],"version-history":[{"count":2,"href":"https:\/\/www.btpsavoie.fr\/index.php\/wp-json\/wp\/v2\/posts\/3535\/revisions"}],"predecessor-version":[{"id":3537,"href":"https:\/\/www.btpsavoie.fr\/index.php\/wp-json\/wp\/v2\/posts\/3535\/revisions\/3537"}],"wp:featuredmedia":[{"embeddable":true,"href":"https:\/\/www.btpsavoie.fr\/index.php\/wp-json\/wp\/v2\/media\/1030"}],"wp:attachment":[{"href":"https:\/\/www.btpsavoie.fr\/index.php\/wp-json\/wp\/v2\/media?parent=3535"}],"wp:term":[{"taxonomy":"category","embeddable":true,"href":"https:\/\/www.btpsavoie.fr\/index.php\/wp-json\/wp\/v2\/categories?post=3535"},{"taxonomy":"post_tag","embeddable":true,"href":"https:\/\/www.btpsavoie.fr\/index.php\/wp-json\/wp\/v2\/tags?post=3535"}],"curies":[{"name":"wp","href":"https:\/\/api.w.org\/{rel}","templated":true}]}}