{"id":2678,"date":"2024-03-19T11:21:31","date_gmt":"2024-03-19T10:21:31","guid":{"rendered":"https:\/\/www.btpsavoie.fr\/?p=2678"},"modified":"2024-03-19T11:21:31","modified_gmt":"2024-03-19T10:21:31","slug":"la-carte-verte-disparait-des-parebrises-le-1er-avril-2024-que-faut-il-retenir-de-ce-changement","status":"publish","type":"post","link":"https:\/\/www.btpsavoie.fr\/index.php\/2024\/03\/19\/la-carte-verte-disparait-des-parebrises-le-1er-avril-2024-que-faut-il-retenir-de-ce-changement\/","title":{"rendered":"La carte verte disparait des parebrises le 1er avril 2024, que faut-il retenir de ce changement ?"},"content":{"rendered":"<div class=\"fusion-fullwidth fullwidth-box fusion-builder-row-1 fusion-flex-container nonhundred-percent-fullwidth non-hundred-percent-height-scrolling\" style=\"--awb-border-sizes-top:0px;--awb-border-sizes-bottom:0px;--awb-border-sizes-left:0px;--awb-border-sizes-right:0px;--awb-border-radius-top-left:0px;--awb-border-radius-top-right:0px;--awb-border-radius-bottom-right:0px;--awb-border-radius-bottom-left:0px;--awb-padding-top:120px;--awb-padding-right:30px;--awb-padding-bottom:120px;--awb-padding-left:30px;--awb-padding-top-medium:60px;--awb-padding-bottom-medium:60px;--awb-padding-top-small:50px;--awb-margin-top:0px;--awb-margin-bottom:0px;--awb-background-color:var(--awb-color1);--awb-flex-wrap:wrap;\" ><div class=\"fusion-builder-row fusion-row fusion-flex-align-items-center fusion-flex-content-wrap\" style=\"max-width:1248px;margin-left: calc(-4% \/ 2 );margin-right: calc(-4% \/ 2 );\"><div class=\"fusion-layout-column fusion_builder_column fusion-builder-column-0 fusion_builder_column_1_2 1_2 fusion-flex-column\" style=\"--awb-bg-size:cover;--awb-width-large:50%;--awb-margin-top-large:0px;--awb-spacing-right-large:5.12%;--awb-margin-bottom-large:0px;--awb-spacing-left-large:3.84%;--awb-width-medium:50%;--awb-spacing-right-medium:5.12%;--awb-spacing-left-medium:3.84%;--awb-width-small:100%;--awb-spacing-right-small:1.92%;--awb-margin-bottom-small:40px;--awb-spacing-left-small:1.92%;\"><div class=\"fusion-column-wrapper fusion-column-has-shadow fusion-flex-justify-content-flex-start fusion-content-layout-column\"><div class=\"fusion-image-element \" style=\"--awb-caption-title-font-family:var(--h2_typography-font-family);--awb-caption-title-font-weight:var(--h2_typography-font-weight);--awb-caption-title-font-style:var(--h2_typography-font-style);--awb-caption-title-size:var(--h2_typography-font-size);--awb-caption-title-transform:var(--h2_typography-text-transform);--awb-caption-title-line-height:var(--h2_typography-line-height);--awb-caption-title-letter-spacing:var(--h2_typography-letter-spacing);\"><span class=\" fusion-imageframe imageframe-none imageframe-1 hover-type-none\" style=\"border-radius:1rem;\"><img decoding=\"async\" width=\"800\" height=\"1065\" title=\"IMG_35442\" src=\"https:\/\/www.btpsavoie.fr\/wp-content\/uploads\/2024\/03\/IMG_35442-1.jpg\" data-orig-src=\"https:\/\/www.btpsavoie.fr\/wp-content\/uploads\/2024\/03\/IMG_35442-1.jpg\" alt class=\"lazyload img-responsive wp-image-2632\" srcset=\"data:image\/svg+xml,%3Csvg%20xmlns%3D%27http%3A%2F%2Fwww.w3.org%2F2000%2Fsvg%27%20width%3D%27800%27%20height%3D%271065%27%20viewBox%3D%270%200%20800%201065%27%3E%3Crect%20width%3D%27800%27%20height%3D%271065%27%20fill-opacity%3D%220%22%2F%3E%3C%2Fsvg%3E\" data-srcset=\"https:\/\/www.btpsavoie.fr\/wp-content\/uploads\/2024\/03\/IMG_35442-1-200x266.jpg 200w, https:\/\/www.btpsavoie.fr\/wp-content\/uploads\/2024\/03\/IMG_35442-1-400x533.jpg 400w, https:\/\/www.btpsavoie.fr\/wp-content\/uploads\/2024\/03\/IMG_35442-1-600x799.jpg 600w, https:\/\/www.btpsavoie.fr\/wp-content\/uploads\/2024\/03\/IMG_35442-1.jpg 800w\" data-sizes=\"auto\" data-orig-sizes=\"(max-width: 640px) 100vw, 600px\" \/><\/span><\/div><\/div><\/div><div class=\"fusion-layout-column fusion_builder_column fusion-builder-column-1 fusion_builder_column_1_2 1_2 fusion-flex-column\" style=\"--awb-bg-size:cover;--awb-width-large:50%;--awb-margin-top-large:0px;--awb-spacing-right-large:3.84%;--awb-margin-bottom-large:20px;--awb-spacing-left-large:13.44%;--awb-width-medium:50%;--awb-spacing-right-medium:3.84%;--awb-spacing-left-medium:13.44%;--awb-width-small:100%;--awb-spacing-right-small:1.92%;--awb-margin-bottom-small:0px;--awb-spacing-left-small:1.92%;\"><div class=\"fusion-column-wrapper fusion-column-has-shadow fusion-flex-justify-content-flex-start fusion-content-layout-column\"><div class=\"fusion-title title fusion-title-1 fusion-sep-none fusion-title-text fusion-title-size-two fusion-animated\" style=\"--awb-margin-bottom:40px;--awb-margin-top-small:10px;--awb-margin-right-small:0px;--awb-margin-bottom-small:10px;--awb-margin-left-small:0px;\" data-animationType=\"fadeInLeft\" data-animationDuration=\"0.3\" data-animationOffset=\"top-into-view\"><h2 class=\"fusion-title-heading title-heading-left\" style=\"margin:0;\">La carte verte disparait des parebrises le 1er avril 2024, que faut-il retenir de ce changement ?<\/h2><\/div><div class=\"fusion-separator fusion-no-large-visibility fusion-full-width-sep\" style=\"align-self: center;margin-left: auto;margin-right: auto;margin-bottom:3%;width:100%;\"><\/div><div class=\"fusion-text fusion-text-1 awb-text-cols fusion-text-columns-2\" style=\"--awb-columns:2;--awb-column-spacing:9%;--awb-column-min-width:250px;\"><p><strong><u>Le Cabinet CONVERGENCE ASSURANCE vous informe\u00a0: <\/u><\/strong><\/p>\n<p><strong><u>La carte verte disparait des parebrises le 1<sup>er<\/sup> avril 2024, que faut-il retenir de ce changement\u00a0? <\/u><\/strong><\/p>\n<p>\u00c0 compter du 1er avril 2024, la carte verte et la vignette pour les v\u00e9hicules immatricul\u00e9s seront supprim\u00e9es. Elles seront remplac\u00e9es par le M\u00e9mo V\u00e9hicule Assur\u00e9 (MVA) et le Fichier des V\u00e9hicules Assur\u00e9s (FVA), auquel les forces de l&rsquo;ordre ont acc\u00e8s depuis 2019. \u00a0En tant qu\u2019assur\u00e9, aucune action de votre part ne sera n\u00e9cessaire, ce sera \u00e0 votre assureur d&rsquo;alimenter ce fichier.<\/p>\n<p><strong><u>La suppression de la carte verte d\u2019assurance auto r\u00e9pond \u00e0 3 objectifs\u00a0: <\/u><\/strong><\/p>\n<ul>\n<li><strong> Lutte contre la non-assurance et la fraude<\/strong> plus efficace gr\u00e2ce au Fichier des V\u00e9hicules Assur\u00e9s. En 2022, l\u2019Observatoire Interminist\u00e9riel de la S\u00e9curit\u00e9 routi\u00e8re estimait \u00e0 800 000 le nombre de v\u00e9hicules non assur\u00e9s en France.<\/li>\n<li><strong> Simplification :<\/strong>plus besoin d\u2019apposer une vignette sur le pare-brise.<\/li>\n<li><strong> Aspect \u00e9cologique :<\/strong>fin de l&rsquo;impression papier syst\u00e9matique<\/li>\n<\/ul>\n<p><strong><u>Bon \u00e0 savoir\u00a0: <\/u><\/strong><\/p>\n<p>En tant qu&rsquo;assur\u00e9 vous n\u2019aurez\u00a0 plus besoin d&rsquo;apposer la vignette sur votre pare-brise.<\/p>\n<p>L&rsquo;assurance automobile reste bien s\u00fbr obligatoire en France pour tout v\u00e9hicule terrestre \u00e0 moteur au moins pour la garantie responsabilit\u00e9 civile.<\/p>\n<p>Cette assurance sert \u00e0 prot\u00e9ger les tiers en cas de sinistre automobile (<a href=\"https:\/\/antispam5.xefi.fr\/securelink\/?url=https:\/\/r.email.eventdrive.com&amp;key=eyJsYW5nIjoiRlIiLCJ1cmwiOiJodHRwczovL3IuZW1haWwuZXZlbnRkcml2ZS5jb20vdHIvY2wvaFNPZlY0ZUhfcnctd0plUUd2OU9QTllHSU4xNjEtREd6d2ZhTTBRWXRJcUZ1bXYxYTRqM2xoREdrQml1aGx0ZDNmT2U0b2JpcVFxbUJXcnZHYVgtXzhMQk5KZGNCTklsa0ZiU0ZnUzhaWno5SVo1QkpQNmtsLWdSZ1Q1cGhlRzJUMDRHSDlPNnFSaWdYdjl0ekwtWFlSamhESktCUTRPQ2duNjVqeGMtSzZ5UC1UajhpdXVjWFRRN1REcnJXM2dRQTRhYUNqYmU5bVZuVVl0VlVqZ3NtU21DSUV6MEFzOGJtQmRfOHdGc0t6NjFEMklHT3JIRURZVXpJRzdZLVNaZnRxMWFFMXZoYlVtT3BfSXlXbUJQekJZb0M3d0xFdW5VMDR3ZGNyWm1tMTBPZlVjQXBPdWFLcWJHSTFVM251M2c5WjJmXzJzb3lGMXFZcUxFZDNMYSIsInRva2VuIjoiZ0FBQUFBQmw4QzhzQm94QUctQ3dKZVl6VXk5YmhHSkRiWjhQa2MwNER1Q1NfLTF3MlJIX3VlR1BabEduMWhWWTktNDNMYWhueTZVU1VZX1lPNUw3ckFZVTJPUTFCalE3UXBNaHYwT0xPd01pbC1QTkFvNUs2aTlmeGwwUzZvZTVEbjVCcHZVTElwSFp0WU83RGVLVjMxaWZSNVprYzhNMXpQWE5hZm9WdG5fNU5WS0lNRDBKdm51OWYxQlZfazFFZjlidWZ0RTNVUlVOWnR4cU04SjNFVXozWjVPTkpIcENOZGhZOC1qY0YtWkxhQzVyMUs3SWJRLVVWT1pRMkN4a21lNXFYaVllVW5jcVBVMUV4TV90b3pTMUsyTDRGVzBGNEhsMmNpVG1xOUMtVzlkX1ZfNTRXWHVXT1huYXJrN29ZQ1pHOGs0SnhpMHIifQ==\">Article L211-1 du code des assurances<\/a>).<\/p>\n<p><strong><u>Qu\u2019est-ce que le M\u00e9mo V\u00e9hicule Assur\u00e9 (MVA)\u00a0? <\/u><\/strong><\/p>\n<p>Il s\u2019agit du document qui fait office de preuve d\u2019assurance et qui vous sera remis par votre assureur.<\/p>\n<p>Ce document laisse le temps \u00e0 l\u2019assureur de d\u00e9clarer le v\u00e9hicule au fichier des v\u00e9hicules assur\u00e9s (FVA).<\/p>\n<p>Il vous permettra \u00e9galement de retrouver toutes les informations n\u00e9cessaires pour remplir un constat amiable en cas de sinistre.<\/p>\n<p>Il est vivement conseill\u00e9 de conserver une version papier dans le v\u00e9hicule pendant toute la dur\u00e9e de votre contrat d\u2019assurance.<\/p>\n<p><strong><u>Qu\u2019est-ce le fichier des v\u00e9hicules assur\u00e9s (FVA)\u00a0? <\/u><\/strong><\/p>\n<p>Les forces de l\u2019ordre peuvent v\u00e9rifier avec le Fichier des v\u00e9hicules assur\u00e9s que votre v\u00e9hicule est bien assur\u00e9 gr\u00e2ce \u00e0 sa plaque d\u2019immatriculation.<\/p>\n<p>Il vous est aussi possible de v\u00e9rifier via le site <a href=\"https:\/\/antispam5.xefi.fr\/securelink\/?url=http:\/\/www.fva-assurance.fr&amp;key=eyJsYW5nIjoiRlIiLCJ1cmwiOiJodHRwOi8vd3d3LmZ2YS1hc3N1cmFuY2UuZnIiLCJ0b2tlbiI6ImdBQUFBQUJsOEM4c3VnOWJTdUY5aUJTejd5UkhPSElHWklpbkM0TmRyb1NKRDAyay1YTmVHM2doTWNNSTVNemU0MVltOXFuRnNqeHp4QVZQY0poQ0xjbVgxbGxoalB4MUZLcHhlMVQ3cUhuX2F2ajIwT2RaM3pNbUQtSWZSY19JTDZldjRUR241UWpFampHc1RSTHZtTEh2VHVCc21LUUpIUjZOeFQ4cm5mYUxZVVZfTEtLSUpGekFIVktqR0xqaDkzdUhwNEVsWkxaMXlsN0lZNXJDSl9kblFqNDBCb0I1Tzd1cHMzRjVEaE1yRXVQcnlJekNOSU51WFJLSnBDTWJod0dpSzJBRzNVS1k1WkpvcXhjMk5iMmQwcE1pTGRwNTdBamVpZk5Gbl9GNDJjalNmQmY2QWZ5SlBrZ1hURUZVZFU1ZzlwckRFdUZXIn0=\">www.fva-assurance.fr<\/a> ou le serveur vocal 01 83 64 32 22 (co\u00fbt d\u2019un appel local)\u00a0 que le v\u00e9hicule que vous utilisez est bien enregistr\u00e9 sur le fichier.<\/p>\n<p>Lors de la souscription d\u2019un nouveau contrat, l\u2019assureur dispose d\u2019un d\u00e9lais de 72 Heures pour d\u00e9clarer le v\u00e9hicule au FVA.<\/p>\n<p><strong><u>Cas particuliers\u00a0: <\/u><\/strong><\/p>\n<p><strong><u>Circulation en dehors du territoire national\u00a0: <\/u><\/strong><\/p>\n<p><strong><u>Le m\u00e9mo v\u00e9hicule assur\u00e9 (MVA) suffit\u00a0 si votre zone de circulation est \u00a0: <\/u><\/strong><\/p>\n<p>Espace \u00c9conomique Europ\u00e9en<\/p>\n<p>Monaco<\/p>\n<p>Andorre<\/p>\n<p>Bosnie-Herz\u00e9govine<\/p>\n<p>Royaume-Uni<\/p>\n<p>Mont\u00e9n\u00e9gro<\/p>\n<p>Serbie<\/p>\n<p><strong><u>Obligation de disposer de la carte internationale d\u2019assurance automobile (IMIC)\u00a0 si votre zone de circulation est\u00a0: <\/u><\/strong><\/p>\n<p>Albanie<\/p>\n<p>Azerba\u00efdjan<\/p>\n<p>Moldavie<\/p>\n<p>Bi\u00e9lorussie<\/p>\n<p>R\u00e9publique Islamique d\u2019Iran<\/p>\n<p>Ukraine<\/p>\n<p>Russie<\/p>\n<p>Maroc<\/p>\n<p>Tunisie<\/p>\n<p>Turquie<\/p>\n<p>R\u00e9publique Mac\u00e9doine<\/p>\n<p>Pensez \u00e0 contacter votre assureur avant votre d\u00e9part \u00e0 l\u2019\u00e9tranger afin d\u2019obtenir la carte internationale d\u2019assurance automobile en version papier ou d\u00e9mat\u00e9rialis\u00e9e. En l\u2019absence du document, vous serez contraint de souscrire une assurance \u00e0 la fronti\u00e8re.<\/p>\n<p><strong><u>Pour vos destinations \u00e0 l\u2019\u00e9tranger, pensez \u00e0 contacter votre assureur afin de vous procurer les \u00e9ventuels documents obligatoires. <\/u><\/strong><\/p>\n<p><strong><u>Cas particulier des v\u00e9hicules non immatricul\u00e9s\u00a0: <\/u><\/strong><\/p>\n<p>Vous continuerez \u00e0 recevoir l\u2019\u00e9quivalent de votre actuelle carte verte ainsi qu\u2019une vignette (sur papier blanc). Il conviendra d\u2019 apposer la vignette de mani\u00e8re\u00a0 visible sur l\u2019engin et de pr\u00e9senter l\u2019attestation d\u2019assurance en cas de contr\u00f4le.<\/p>\n<\/div><div class=\"fusion-separator fusion-full-width-sep\" style=\"align-self: center;margin-left: auto;margin-right: auto;margin-bottom:3%;width:100%;\"><\/div><\/div><\/div><\/div><\/div>\n","protected":false},"excerpt":{"rendered":"","protected":false},"author":214,"featured_media":2127,"comment_status":"closed","ping_status":"closed","sticky":false,"template":"","format":"standard","meta":{"_acf_changed":false,"pmpro_default_level":"","footnotes":""},"categories":[110],"tags":[],"class_list":["post-2678","post","type-post","status-publish","format-standard","has-post-thumbnail","hentry","category-actualites-des-membres","pmpro-has-access"],"acf":[],"_links":{"self":[{"href":"https:\/\/www.btpsavoie.fr\/index.php\/wp-json\/wp\/v2\/posts\/2678","targetHints":{"allow":["GET"]}}],"collection":[{"href":"https:\/\/www.btpsavoie.fr\/index.php\/wp-json\/wp\/v2\/posts"}],"about":[{"href":"https:\/\/www.btpsavoie.fr\/index.php\/wp-json\/wp\/v2\/types\/post"}],"author":[{"embeddable":true,"href":"https:\/\/www.btpsavoie.fr\/index.php\/wp-json\/wp\/v2\/users\/214"}],"replies":[{"embeddable":true,"href":"https:\/\/www.btpsavoie.fr\/index.php\/wp-json\/wp\/v2\/comments?post=2678"}],"version-history":[{"count":1,"href":"https:\/\/www.btpsavoie.fr\/index.php\/wp-json\/wp\/v2\/posts\/2678\/revisions"}],"predecessor-version":[{"id":2679,"href":"https:\/\/www.btpsavoie.fr\/index.php\/wp-json\/wp\/v2\/posts\/2678\/revisions\/2679"}],"wp:featuredmedia":[{"embeddable":true,"href":"https:\/\/www.btpsavoie.fr\/index.php\/wp-json\/wp\/v2\/media\/2127"}],"wp:attachment":[{"href":"https:\/\/www.btpsavoie.fr\/index.php\/wp-json\/wp\/v2\/media?parent=2678"}],"wp:term":[{"taxonomy":"category","embeddable":true,"href":"https:\/\/www.btpsavoie.fr\/index.php\/wp-json\/wp\/v2\/categories?post=2678"},{"taxonomy":"post_tag","embeddable":true,"href":"https:\/\/www.btpsavoie.fr\/index.php\/wp-json\/wp\/v2\/tags?post=2678"}],"curies":[{"name":"wp","href":"https:\/\/api.w.org\/{rel}","templated":true}]}}